{"id":318,"date":"2023-11-20T09:11:42","date_gmt":"2023-11-20T09:11:42","guid":{"rendered":"https:\/\/musicanaturacolors.com\/?p=318"},"modified":"2023-11-24T08:54:46","modified_gmt":"2023-11-24T08:54:46","slug":"la-tardor-de-musica-natura-colors","status":"publish","type":"post","link":"https:\/\/musicanaturacolors.com\/index.php\/2023\/11\/20\/la-tardor-de-musica-natura-colors\/","title":{"rendered":"La Tardor de M\u00fasica, Natura &#038; Colors"},"content":{"rendered":"<div class=\"wp-block-image\">\n<figure class=\"alignleft size-full is-resized\"><img loading=\"lazy\" decoding=\"async\" width=\"1024\" height=\"768\" src=\"https:\/\/musicanaturacolors.com\/wp-content\/uploads\/2023\/11\/minimusics-tardor.jpg\" alt=\"\" class=\"wp-image-319\" style=\"width:597px;height:auto\" srcset=\"https:\/\/musicanaturacolors.com\/wp-content\/uploads\/2023\/11\/minimusics-tardor.jpg 1024w, https:\/\/musicanaturacolors.com\/wp-content\/uploads\/2023\/11\/minimusics-tardor-300x225.jpg 300w, https:\/\/musicanaturacolors.com\/wp-content\/uploads\/2023\/11\/minimusics-tardor-768x576.jpg 768w\" sizes=\"auto, (max-width: 1024px) 100vw, 1024px\" \/><\/figure>\n<\/div>\n\n\n<p>Bon dia!<\/p>\n\n\n\n<p>Aqu\u00ed us deixem un parell de moments de la nostra tardor a Dosrius!<\/p>\n\n\n\n<p>Per una banda, mireu quina d&#8217;alegria tenen els&nbsp;minim\u00fasics&nbsp;a la nostra sortida de tardor! El 8 d&#8217;octubre vam tenir una sortida a l&#8217;entorn mentre practic\u00e0vem el nostre nou repertori i can\u00e7oner.<\/p>\n\n\n\n<p>Deixant de banda als menuts de la casa, tamb\u00e9 us deixem aquest v\u00eddeo amb un dels combos de l&#8217;escoleta&#8230; Moments simp\u00e0tics amb un toc de sortida de polleguera del professor&nbsp;\ud83d\ude09<\/p>\n\n\n\n<figure class=\"wp-block-video\"><video height=\"1280\" style=\"aspect-ratio: 720 \/ 1280;\" width=\"720\" controls src=\"https:\/\/musicanaturacolors.com\/wp-content\/uploads\/2023\/11\/combo-acrostico.mp4\"><\/video><\/figure>\n\n\n\n<pre class=\"wp-block-code\"><code><\/code><\/pre>\n","protected":false},"excerpt":{"rendered":"<p>Bon dia! Aqu\u00ed us deixem un parell de moments de la nostra tardor a Dosrius! Per una banda, mireu quina &hellip; <\/p>\n","protected":false},"author":1,"featured_media":0,"comment_status":"open","ping_status":"open","sticky":false,"template":"","format":"standard","meta":{"footnotes":""},"categories":[1],"tags":[],"class_list":["post-318","post","type-post","status-publish","format-standard","hentry","category-uncategorized"],"_links":{"self":[{"href":"https:\/\/musicanaturacolors.com\/index.php\/wp-json\/wp\/v2\/posts\/318","targetHints":{"allow":["GET"]}}],"collection":[{"href":"https:\/\/musicanaturacolors.com\/index.php\/wp-json\/wp\/v2\/posts"}],"about":[{"href":"https:\/\/musicanaturacolors.com\/index.php\/wp-json\/wp\/v2\/types\/post"}],"author":[{"embeddable":true,"href":"https:\/\/musicanaturacolors.com\/index.php\/wp-json\/wp\/v2\/users\/1"}],"replies":[{"embeddable":true,"href":"https:\/\/musicanaturacolors.com\/index.php\/wp-json\/wp\/v2\/comments?post=318"}],"version-history":[{"count":6,"href":"https:\/\/musicanaturacolors.com\/index.php\/wp-json\/wp\/v2\/posts\/318\/revisions"}],"predecessor-version":[{"id":326,"href":"https:\/\/musicanaturacolors.com\/index.php\/wp-json\/wp\/v2\/posts\/318\/revisions\/326"}],"wp:attachment":[{"href":"https:\/\/musicanaturacolors.com\/index.php\/wp-json\/wp\/v2\/media?parent=318"}],"wp:term":[{"taxonomy":"category","embeddable":true,"href":"https:\/\/musicanaturacolors.com\/index.php\/wp-json\/wp\/v2\/categories?post=318"},{"taxonomy":"post_tag","embeddable":true,"href":"https:\/\/musicanaturacolors.com\/index.php\/wp-json\/wp\/v2\/tags?post=318"}],"curies":[{"name":"wp","href":"https:\/\/api.w.org\/{rel}","templated":true}]}}