{"id":329,"date":"2023-12-14T09:14:00","date_gmt":"2023-12-14T09:14:00","guid":{"rendered":"https:\/\/musicanaturacolors.com\/?p=329"},"modified":"2023-12-14T09:46:34","modified_gmt":"2023-12-14T09:46:34","slug":"memoria-finals-dany","status":"publish","type":"post","link":"https:\/\/musicanaturacolors.com\/index.php\/2023\/12\/14\/memoria-finals-dany\/","title":{"rendered":"Minimem\u00f2ria Finals d&#8217;any!"},"content":{"rendered":"<div class=\"wp-block-image\">\n<figure class=\"alignleft size-full is-resized\"><img loading=\"lazy\" decoding=\"async\" width=\"468\" height=\"637\" src=\"https:\/\/musicanaturacolors.com\/wp-content\/uploads\/2023\/12\/colabo-gegants.png\" alt=\"\" class=\"wp-image-330\" style=\"width:167px;height:auto\" srcset=\"https:\/\/musicanaturacolors.com\/wp-content\/uploads\/2023\/12\/colabo-gegants.png 468w, https:\/\/musicanaturacolors.com\/wp-content\/uploads\/2023\/12\/colabo-gegants-220x300.png 220w\" sizes=\"auto, (max-width: 468px) 100vw, 468px\" \/><\/figure>\n<\/div>\n\n\n<p>Benvolguts amics i amigues! Ens complau comunicar-vos que el darrer trimestre d&#8217;exist\u00e8ncia de l&#8217;associaci\u00f3 ha sigut intens i participatiu!<\/p>\n\n\n\n<p>Hem col\u00b7laborat amb diferents entitats i projectes de Dosrius, i podem dir que estem molt contents de la nostra acollida a les activitats del municipi! <\/p>\n\n\n<div class=\"wp-block-image\">\n<figure class=\"alignright size-full is-resized\"><img loading=\"lazy\" decoding=\"async\" width=\"466\" height=\"611\" src=\"https:\/\/musicanaturacolors.com\/wp-content\/uploads\/2023\/12\/colabo-ceeac.png\" alt=\"\" class=\"wp-image-331\" style=\"width:178px;height:auto\" srcset=\"https:\/\/musicanaturacolors.com\/wp-content\/uploads\/2023\/12\/colabo-ceeac.png 466w, https:\/\/musicanaturacolors.com\/wp-content\/uploads\/2023\/12\/colabo-ceeac-229x300.png 229w\" sizes=\"auto, (max-width: 466px) 100vw, 466px\" \/><\/figure>\n<\/div>\n\n\n<p>Aqu\u00ed us deixem una mostra en imatges, com la nostra participaci\u00f3 en les Festes d&#8217;Hivern de Dosrius amb la Colla Gegantera&#8230; O com tamb\u00e9 la nostra participaci\u00f3 en un acte preci\u00f3s a c\u00e0rrec del Centre d&#8217;Estudis Esteve Albert i Corp a la  Sala de Plens de l&#8217;Ajuntament el passat dia 9 de desembre. <\/p>\n\n\n\n<p>Aprofitant aquesta minimem\u00f2ria us adjuntem el cartell del pr\u00f2xim concert de Nadal el diumenge 17 de desembre a la pla\u00e7a de la Germandat. <\/p>\n\n\n\n<p>Si voleu seguir les nostres activitats a les xarxes socials us convidem al nostre instagram <a href=\"https:\/\/www.instagram.com\/musicanaturacolors\/\">@musicanaturacolors<\/a><\/p>\n\n\n\n<p>Seguim i #quenoparilam\u00fasica !!!<\/p>\n\n\n\n<figure class=\"wp-block-image size-large is-resized\"><img loading=\"lazy\" decoding=\"async\" width=\"724\" height=\"1024\" src=\"https:\/\/musicanaturacolors.com\/wp-content\/uploads\/2023\/12\/Cartell-Concert-dHivern-Musica-Natura-i-Colors-2023-724x1024.jpg\" alt=\"\" class=\"wp-image-332\" style=\"width:446px;height:auto\" srcset=\"https:\/\/musicanaturacolors.com\/wp-content\/uploads\/2023\/12\/Cartell-Concert-dHivern-Musica-Natura-i-Colors-2023-724x1024.jpg 724w, https:\/\/musicanaturacolors.com\/wp-content\/uploads\/2023\/12\/Cartell-Concert-dHivern-Musica-Natura-i-Colors-2023-212x300.jpg 212w, https:\/\/musicanaturacolors.com\/wp-content\/uploads\/2023\/12\/Cartell-Concert-dHivern-Musica-Natura-i-Colors-2023-768x1086.jpg 768w, https:\/\/musicanaturacolors.com\/wp-content\/uploads\/2023\/12\/Cartell-Concert-dHivern-Musica-Natura-i-Colors-2023-1086x1536.jpg 1086w, https:\/\/musicanaturacolors.com\/wp-content\/uploads\/2023\/12\/Cartell-Concert-dHivern-Musica-Natura-i-Colors-2023.jpg 1414w\" sizes=\"auto, (max-width: 724px) 100vw, 724px\" \/><\/figure>\n","protected":false},"excerpt":{"rendered":"<p>Benvolguts amics i amigues! Ens complau comunicar-vos que el darrer trimestre d&#8217;exist\u00e8ncia de l&#8217;associaci\u00f3 ha sigut intens i participatiu! Hem &hellip; <\/p>\n","protected":false},"author":1,"featured_media":0,"comment_status":"open","ping_status":"open","sticky":false,"template":"","format":"standard","meta":{"footnotes":""},"categories":[1],"tags":[],"class_list":["post-329","post","type-post","status-publish","format-standard","hentry","category-uncategorized"],"_links":{"self":[{"href":"https:\/\/musicanaturacolors.com\/index.php\/wp-json\/wp\/v2\/posts\/329","targetHints":{"allow":["GET"]}}],"collection":[{"href":"https:\/\/musicanaturacolors.com\/index.php\/wp-json\/wp\/v2\/posts"}],"about":[{"href":"https:\/\/musicanaturacolors.com\/index.php\/wp-json\/wp\/v2\/types\/post"}],"author":[{"embeddable":true,"href":"https:\/\/musicanaturacolors.com\/index.php\/wp-json\/wp\/v2\/users\/1"}],"replies":[{"embeddable":true,"href":"https:\/\/musicanaturacolors.com\/index.php\/wp-json\/wp\/v2\/comments?post=329"}],"version-history":[{"count":7,"href":"https:\/\/musicanaturacolors.com\/index.php\/wp-json\/wp\/v2\/posts\/329\/revisions"}],"predecessor-version":[{"id":341,"href":"https:\/\/musicanaturacolors.com\/index.php\/wp-json\/wp\/v2\/posts\/329\/revisions\/341"}],"wp:attachment":[{"href":"https:\/\/musicanaturacolors.com\/index.php\/wp-json\/wp\/v2\/media?parent=329"}],"wp:term":[{"taxonomy":"category","embeddable":true,"href":"https:\/\/musicanaturacolors.com\/index.php\/wp-json\/wp\/v2\/categories?post=329"},{"taxonomy":"post_tag","embeddable":true,"href":"https:\/\/musicanaturacolors.com\/index.php\/wp-json\/wp\/v2\/tags?post=329"}],"curies":[{"name":"wp","href":"https:\/\/api.w.org\/{rel}","templated":true}]}}