{"id":350,"date":"2024-05-30T15:21:21","date_gmt":"2024-05-30T15:21:21","guid":{"rendered":"https:\/\/musicanaturacolors.com\/?p=350"},"modified":"2024-05-30T15:21:21","modified_gmt":"2024-05-30T15:21:21","slug":"arriba-la-fi-de-curs","status":"publish","type":"post","link":"https:\/\/musicanaturacolors.com\/index.php\/2024\/05\/30\/arriba-la-fi-de-curs\/","title":{"rendered":"Arriba la Fi de Curs!!!"},"content":{"rendered":"<div class=\"wp-block-image\">\n<figure class=\"alignleft size-large is-resized\"><img loading=\"lazy\" decoding=\"async\" width=\"724\" height=\"1024\" src=\"https:\/\/musicanaturacolors.com\/wp-content\/uploads\/2024\/05\/POU-DE-GLAC-cartell-724x1024.jpg\" alt=\"\" class=\"wp-image-351\" style=\"width:416px;height:auto\" srcset=\"https:\/\/musicanaturacolors.com\/wp-content\/uploads\/2024\/05\/POU-DE-GLAC-cartell-724x1024.jpg 724w, https:\/\/musicanaturacolors.com\/wp-content\/uploads\/2024\/05\/POU-DE-GLAC-cartell-212x300.jpg 212w, https:\/\/musicanaturacolors.com\/wp-content\/uploads\/2024\/05\/POU-DE-GLAC-cartell-768x1086.jpg 768w, https:\/\/musicanaturacolors.com\/wp-content\/uploads\/2024\/05\/POU-DE-GLAC-cartell-1086x1536.jpg 1086w, https:\/\/musicanaturacolors.com\/wp-content\/uploads\/2024\/05\/POU-DE-GLAC-cartell-1448x2048.jpg 1448w, https:\/\/musicanaturacolors.com\/wp-content\/uploads\/2024\/05\/POU-DE-GLAC-cartell.jpg 1587w\" sizes=\"auto, (max-width: 724px) 100vw, 724px\" \/><\/figure>\n<\/div>\n\n\n<p>Ja tenim aqu\u00ed el cartell del concert de Fi de Curs!<\/p>\n\n\n\n<p>Tot i que fem calendari escolar, aquest any ens avancem una miqueta a les dates de fi de curs per poder fer el nostre concert al pou de gla\u00e7!<\/p>\n\n\n\n<p>La veritat \u00e9s que ha sigut un curs intens (com tots els cursos) i sembla que estem solidificant el projecte d&#8217;escoleta entre d&#8217;altres&#8230; Aquest any hem fet uns quants concerts d&#8217;Escola de M\u00fasica, un a Nadal i un altre a la Festa de la Primavera, com tamb\u00e9 hem participat en diferents actes al municipi de Dosrius, col\u00b7laborant amb diferents entitats i associacions municipals.<\/p>\n\n\n\n<p>Tamb\u00e9 com a entitat hem organitzat alguns concerts fora del municipi, tot aix\u00f2 anir\u00e0 reflectit a la mem\u00f2ria que ben aviat tindreu informacions de l&#8217;any passat, com tamb\u00e9 d&#8217;enguany.<\/p>\n\n\n\n<p>Ara ens toca el concert de Fi de Curs, i on millor que al nostre estimat Pou de Gla\u00e7!<br>Us hi esperem aquest dissabte 1 de juny! Som-hi i #quenoparilam\u00fasica<\/p>\n","protected":false},"excerpt":{"rendered":"<p>Ja tenim aqu\u00ed el cartell del concert de Fi de Curs! Tot i que fem calendari escolar, aquest any ens &hellip; <\/p>\n","protected":false},"author":1,"featured_media":0,"comment_status":"open","ping_status":"open","sticky":false,"template":"","format":"standard","meta":{"footnotes":""},"categories":[1],"tags":[],"class_list":["post-350","post","type-post","status-publish","format-standard","hentry","category-uncategorized"],"_links":{"self":[{"href":"https:\/\/musicanaturacolors.com\/index.php\/wp-json\/wp\/v2\/posts\/350","targetHints":{"allow":["GET"]}}],"collection":[{"href":"https:\/\/musicanaturacolors.com\/index.php\/wp-json\/wp\/v2\/posts"}],"about":[{"href":"https:\/\/musicanaturacolors.com\/index.php\/wp-json\/wp\/v2\/types\/post"}],"author":[{"embeddable":true,"href":"https:\/\/musicanaturacolors.com\/index.php\/wp-json\/wp\/v2\/users\/1"}],"replies":[{"embeddable":true,"href":"https:\/\/musicanaturacolors.com\/index.php\/wp-json\/wp\/v2\/comments?post=350"}],"version-history":[{"count":1,"href":"https:\/\/musicanaturacolors.com\/index.php\/wp-json\/wp\/v2\/posts\/350\/revisions"}],"predecessor-version":[{"id":352,"href":"https:\/\/musicanaturacolors.com\/index.php\/wp-json\/wp\/v2\/posts\/350\/revisions\/352"}],"wp:attachment":[{"href":"https:\/\/musicanaturacolors.com\/index.php\/wp-json\/wp\/v2\/media?parent=350"}],"wp:term":[{"taxonomy":"category","embeddable":true,"href":"https:\/\/musicanaturacolors.com\/index.php\/wp-json\/wp\/v2\/categories?post=350"},{"taxonomy":"post_tag","embeddable":true,"href":"https:\/\/musicanaturacolors.com\/index.php\/wp-json\/wp\/v2\/tags?post=350"}],"curies":[{"name":"wp","href":"https:\/\/api.w.org\/{rel}","templated":true}]}}