{"id":660,"date":"2026-03-20T20:07:33","date_gmt":"2026-03-20T20:07:33","guid":{"rendered":"https:\/\/musicanaturacolors.com\/?p=660"},"modified":"2026-03-20T20:11:23","modified_gmt":"2026-03-20T20:11:23","slug":"festa-jazz-de-primavera","status":"publish","type":"post","link":"https:\/\/musicanaturacolors.com\/index.php\/2026\/03\/20\/festa-jazz-de-primavera\/","title":{"rendered":"Festa Jazz de Primavera"},"content":{"rendered":"<div class=\"wp-block-image\">\n<figure class=\"alignleft size-large is-resized\"><img loading=\"lazy\" decoding=\"async\" width=\"724\" height=\"1024\" src=\"https:\/\/musicanaturacolors.com\/wp-content\/uploads\/2026\/03\/FESTA-JAZZ-11-ABR-SHARE-724x1024.jpg\" alt=\"\" class=\"wp-image-661\" style=\"aspect-ratio:0.7070390578574901;width:424px;height:auto\" srcset=\"https:\/\/musicanaturacolors.com\/wp-content\/uploads\/2026\/03\/FESTA-JAZZ-11-ABR-SHARE-724x1024.jpg 724w, https:\/\/musicanaturacolors.com\/wp-content\/uploads\/2026\/03\/FESTA-JAZZ-11-ABR-SHARE-212x300.jpg 212w, https:\/\/musicanaturacolors.com\/wp-content\/uploads\/2026\/03\/FESTA-JAZZ-11-ABR-SHARE-768x1086.jpg 768w, https:\/\/musicanaturacolors.com\/wp-content\/uploads\/2026\/03\/FESTA-JAZZ-11-ABR-SHARE-1086x1536.jpg 1086w, https:\/\/musicanaturacolors.com\/wp-content\/uploads\/2026\/03\/FESTA-JAZZ-11-ABR-SHARE.jpg 1414w\" sizes=\"auto, (max-width: 724px) 100vw, 724px\" \/><\/figure>\n<\/div>\n\n\n<p>Benvolguts amics i amigues, fam\u00edlies i ve\u00efnat de Dosrius i Rodalies! \ud83d\ude00<\/p>\n\n\n\n<p>Ja tenim el cartell de la &#8216;<strong>Festa Jazz de Primavera<\/strong>&#8216; del pr\u00f2xim <strong>11 d&#8217;abril<\/strong>! L&#8217;acte ser\u00e0 a la pla\u00e7a del Com\u00fa de Dosrius, a les <strong>18h<\/strong>!\u00a0<\/p>\n\n\n\n<p>Obrirem amb el trio de m\u00fasica llatina &#8216;<strong>Latin Durban Trio<\/strong>&#8216; i com a gran format, podrem gaudir d&#8217;una Big Band! Els &#8216;<strong>Barbuts Jazz Band<\/strong>&#8216; vindr\u00e0 a fer-nos passar una gran estona a ritme de swing, entre altres m\u00fasiques.<\/p>\n\n\n\n<p>En aquesta meravellosa pla\u00e7a podrem gaudir dels dos bars, <em>El Com\u00fa i el 2 del 4<\/em>, per prendre d&#8217;all\u00f2 que ens agradi per aquesta jazz\u00edstica festa, que com a peculiaritat, podrem veure ballar els <strong>Gegants de Dosrius<\/strong> amb una Big Band! T&#8217;agradaria no perdre-t&#8217;ho? Doncs som-hi, vine i #quenoparilam\u00fasica<\/p>\n\n\n\n<p><\/p>\n","protected":false},"excerpt":{"rendered":"<p>Benvolguts amics i amigues, fam\u00edlies i ve\u00efnat de Dosrius i Rodalies! \ud83d\ude00 Ja tenim el cartell de la &#8216;Festa Jazz &hellip; <\/p>\n","protected":false},"author":1,"featured_media":0,"comment_status":"open","ping_status":"open","sticky":false,"template":"","format":"standard","meta":{"footnotes":""},"categories":[1],"tags":[],"class_list":["post-660","post","type-post","status-publish","format-standard","hentry","category-uncategorized"],"_links":{"self":[{"href":"https:\/\/musicanaturacolors.com\/index.php\/wp-json\/wp\/v2\/posts\/660","targetHints":{"allow":["GET"]}}],"collection":[{"href":"https:\/\/musicanaturacolors.com\/index.php\/wp-json\/wp\/v2\/posts"}],"about":[{"href":"https:\/\/musicanaturacolors.com\/index.php\/wp-json\/wp\/v2\/types\/post"}],"author":[{"embeddable":true,"href":"https:\/\/musicanaturacolors.com\/index.php\/wp-json\/wp\/v2\/users\/1"}],"replies":[{"embeddable":true,"href":"https:\/\/musicanaturacolors.com\/index.php\/wp-json\/wp\/v2\/comments?post=660"}],"version-history":[{"count":5,"href":"https:\/\/musicanaturacolors.com\/index.php\/wp-json\/wp\/v2\/posts\/660\/revisions"}],"predecessor-version":[{"id":667,"href":"https:\/\/musicanaturacolors.com\/index.php\/wp-json\/wp\/v2\/posts\/660\/revisions\/667"}],"wp:attachment":[{"href":"https:\/\/musicanaturacolors.com\/index.php\/wp-json\/wp\/v2\/media?parent=660"}],"wp:term":[{"taxonomy":"category","embeddable":true,"href":"https:\/\/musicanaturacolors.com\/index.php\/wp-json\/wp\/v2\/categories?post=660"},{"taxonomy":"post_tag","embeddable":true,"href":"https:\/\/musicanaturacolors.com\/index.php\/wp-json\/wp\/v2\/tags?post=660"}],"curies":[{"name":"wp","href":"https:\/\/api.w.org\/{rel}","templated":true}]}}